{"id":51,"date":"2012-03-13T17:52:33","date_gmt":"2012-03-13T15:52:33","guid":{"rendered":"http:\/\/www.sandraberiger.ch.gic-web-bsd-019.genotec.ch\/?p=51"},"modified":"2021-12-27T17:06:13","modified_gmt":"2021-12-27T15:06:13","slug":"lena-und-nils-auf-dem-bauernhof","status":"publish","type":"post","link":"http:\/\/www.sandraberiger.ch\/sandra-beriger\/lena-und-nils-auf-dem-bauernhof\/","title":{"rendered":"Lena und Nils: Auf dem Bauernhof"},"content":{"rendered":"\n<p>Lerngeschichten zum H\u00f6ren, Sprechen, Denken, Handeln f\u00fcr Kinder von 4 bis 8 Jahren<\/p>\n\n\n\n<p>Die 25 Lerngeschichten mit dazugeh\u00f6rigen Bildergeschichten und Verst\u00e4ndnisfragen kn\u00fcpfen an die Alltagserfahrungen auf dem Land\u00a0 an und greifen auch immer wieder Themen des sozialen Umgangs auf. Sie k\u00f6nnen unabh\u00e4ngig voneinander im Unterricht eingesetzt werden. Vielf\u00e4ltige\u00a0 Themen wie &#8220;Die Kuh&#8221;, &#8220;Auf dem Erdbeerfeld&#8221;, &#8220;Das Ferienkaninchen&#8221;, &#8220;Streit ums Bett&#8221;, &#8220;Flaschenzug und Seilbahn&#8221; und &#8220;Apfelernte&#8221; wecken das Interesse der Sch\u00fcler am Bauernhof. Die Geschichten eignen sich zur Sprachf\u00f6rderung f\u00fcr alle Kinder, durch die Bildergeschichten kann der Wortschatz mit fremdsprachigen Kindern auch vorbereitet werden. Das Zusatzmaterial in den Bereichen Mathematik und Sachunterricht vermittelt Ideen f\u00fcr einen handlungsorientierten Unterricht. Im Zusammenhang mit der Geschichte &#8220;Wie die Kartoffel nach Europa kam&#8221;\u00a0 finden sich Anregungen f\u00fcr ein kleines Theaterprojekt f\u00fcr die ganze Klasse.<\/p>\n\n\n\n<div class=\"wp-block-image\"><figure class=\"aligncenter size-full\"><a href=\"http:\/\/www.sandraberiger.ch\/wp-content\/uploads\/2012\/03\/lenaUndNilsAufDemBauernhof.jpg\"><img loading=\"lazy\" width=\"500\" height=\"706\" src=\"http:\/\/www.sandraberiger.ch\/wp-content\/uploads\/2012\/03\/lenaUndNilsAufDemBauernhof.jpg\" alt=\"\" class=\"wp-image-500\" srcset=\"http:\/\/www.sandraberiger.ch\/wp-content\/uploads\/2012\/03\/lenaUndNilsAufDemBauernhof.jpg 500w, http:\/\/www.sandraberiger.ch\/wp-content\/uploads\/2012\/03\/lenaUndNilsAufDemBauernhof-212x300.jpg 212w\" sizes=\"(max-width: 500px) 100vw, 500px\" \/><\/a><\/figure><\/div>\n\n\n\n<p>Das Buch ist online \u00fcber <a href=\"http:\/\/www.schubi.ch\">www.schubi.ch<\/a> erh\u00e4ltlich oder in Ihrer Buchhandlung.<\/p>\n\n\n\n<p>Mit Illustrationen von <a href=\"http:\/\/www.wiltrud-wagner-illustrationen.de\/\" target=\"_blank\" rel=\"noreferrer noopener\">Wiltrud Wagner<\/a><\/p>\n","protected":false},"excerpt":{"rendered":"<p>Lerngeschichten zum H\u00f6ren, Sprechen, Denken, Handeln f\u00fcr Kinder von 4 bis 8 Jahren Die 25 Lerngeschichten mit dazugeh\u00f6rigen Bildergeschichten und Verst\u00e4ndnisfragen kn\u00fcpfen an die Alltagserfahrungen auf dem Land\u00a0 an und greifen auch immer wieder Themen des sozialen Umgangs auf. Sie k\u00f6nnen unabh\u00e4ngig voneinander im Unterricht eingesetzt werden. Vielf\u00e4ltige\u00a0 Themen wie &#8220;Die Kuh&#8221;, &#8220;Auf dem Erdbeerfeld&#8221;, [&hellip;]<\/p>\n","protected":false},"author":1,"featured_media":500,"comment_status":"closed","ping_status":"open","sticky":false,"template":"","format":"standard","meta":[],"categories":[5,6],"tags":[],"_links":{"self":[{"href":"http:\/\/www.sandraberiger.ch\/sandra-beriger\/wp-json\/wp\/v2\/posts\/51"}],"collection":[{"href":"http:\/\/www.sandraberiger.ch\/sandra-beriger\/wp-json\/wp\/v2\/posts"}],"about":[{"href":"http:\/\/www.sandraberiger.ch\/sandra-beriger\/wp-json\/wp\/v2\/types\/post"}],"author":[{"embeddable":true,"href":"http:\/\/www.sandraberiger.ch\/sandra-beriger\/wp-json\/wp\/v2\/users\/1"}],"replies":[{"embeddable":true,"href":"http:\/\/www.sandraberiger.ch\/sandra-beriger\/wp-json\/wp\/v2\/comments?post=51"}],"version-history":[{"count":12,"href":"http:\/\/www.sandraberiger.ch\/sandra-beriger\/wp-json\/wp\/v2\/posts\/51\/revisions"}],"predecessor-version":[{"id":502,"href":"http:\/\/www.sandraberiger.ch\/sandra-beriger\/wp-json\/wp\/v2\/posts\/51\/revisions\/502"}],"wp:featuredmedia":[{"embeddable":true,"href":"http:\/\/www.sandraberiger.ch\/sandra-beriger\/wp-json\/wp\/v2\/media\/500"}],"wp:attachment":[{"href":"http:\/\/www.sandraberiger.ch\/sandra-beriger\/wp-json\/wp\/v2\/media?parent=51"}],"wp:term":[{"taxonomy":"category","embeddable":true,"href":"http:\/\/www.sandraberiger.ch\/sandra-beriger\/wp-json\/wp\/v2\/categories?post=51"},{"taxonomy":"post_tag","embeddable":true,"href":"http:\/\/www.sandraberiger.ch\/sandra-beriger\/wp-json\/wp\/v2\/tags?post=51"}],"curies":[{"name":"wp","href":"https:\/\/api.w.org\/{rel}","templated":true}]}}