{"id":49,"date":"2012-02-13T17:53:19","date_gmt":"2012-02-13T15:53:19","guid":{"rendered":"http:\/\/www.sandraberiger.ch.gic-web-bsd-019.genotec.ch\/?p=49"},"modified":"2021-12-27T17:07:04","modified_gmt":"2021-12-27T15:07:04","slug":"lena-und-nils-in-der-stadt","status":"publish","type":"post","link":"http:\/\/www.sandraberiger.ch\/sandra-beriger\/lena-und-nils-in-der-stadt\/","title":{"rendered":"Lena und Nils: In der Stadt"},"content":{"rendered":"\n<p>Lerngeschichten zum H\u00f6ren, Sprechen, Denken, Handeln f\u00fcr Kinder von 4 bis 8 Jahren<\/p>\n\n\n\n<p>Die 25 Lerngeschichten mit dazugeh\u00f6rigen Bildergeschichten und Verst\u00e4ndnisfragen kn\u00fcpfen an die Alltagserfahrungen in der Stadt an und greifen auch immer wieder Themen des sozialen Umgangs auf. Sie k\u00f6nnen unabh\u00e4ngig voneinander im Unterricht eingesetzt werden. Vielf\u00e4ltige\u00a0 Themen wie &#8220;Am Flughafen&#8221;, &#8220;Der Unfall&#8221;, &#8220;Tag der offenen T\u00fcr bei der Feuerwehr&#8221;, &#8220;Besuch in der Bibliothek und ein unerzogener Hund&#8221;, &#8220;Gesunde Ern\u00e4hrung &#8211; Jogging und ein Stadtfuchs&#8221; wecken das Interesse der Sch\u00fcler an der Stadt. Die Geschichten eignen sich zur Sprachf\u00f6rderung f\u00fcr alle Kinder, durch die Bildergeschichten kann der Wortschatz mit fremdsprachigen Kindern auch vorbereitet werden. Das Zusatzmaterial in den Bereichen Mathematik und Sachunterricht vermittelt Ideen f\u00fcr einen handlungsorienteirten Unterricht. Im Zusammenhang mit der Geschichte um einen Museumsbesuch findet sich die Anregung f\u00fcr ein kleines Kunstprojekt f\u00fcr die ganze Klasse.<\/p>\n\n\n\n<div class=\"wp-block-image\"><figure class=\"aligncenter size-full\"><a href=\"http:\/\/www.sandraberiger.ch\/wp-content\/uploads\/2012\/03\/lenaUndNilsInDerStadt.jpg\"><img loading=\"lazy\" width=\"500\" height=\"706\" src=\"http:\/\/www.sandraberiger.ch\/wp-content\/uploads\/2012\/03\/lenaUndNilsInDerStadt.jpg\" alt=\"\" class=\"wp-image-501\" srcset=\"http:\/\/www.sandraberiger.ch\/wp-content\/uploads\/2012\/03\/lenaUndNilsInDerStadt.jpg 500w, http:\/\/www.sandraberiger.ch\/wp-content\/uploads\/2012\/03\/lenaUndNilsInDerStadt-212x300.jpg 212w\" sizes=\"(max-width: 500px) 100vw, 500px\" \/><\/a><\/figure><\/div>\n\n\n\n<p>Das Buch ist\u00a0 online \u00fcber <a href=\"http:\/\/www.schubi.ch\">www.schubi.ch<\/a> erh\u00e4ltlich.<\/p>\n\n\n\n<p>Mit Illustrationen von <a rel=\"noreferrer noopener\" href=\"http:\/\/www.wiltrud-wagner-illustrationen.de\/\" target=\"_blank\">Wiltrud Wagner<\/a><\/p>\n","protected":false},"excerpt":{"rendered":"<p>Lerngeschichten zum H\u00f6ren, Sprechen, Denken, Handeln f\u00fcr Kinder von 4 bis 8 Jahren Die 25 Lerngeschichten mit dazugeh\u00f6rigen Bildergeschichten und Verst\u00e4ndnisfragen kn\u00fcpfen an die Alltagserfahrungen in der Stadt an und greifen auch immer wieder Themen des sozialen Umgangs auf. Sie k\u00f6nnen unabh\u00e4ngig voneinander im Unterricht eingesetzt werden. Vielf\u00e4ltige\u00a0 Themen wie &#8220;Am Flughafen&#8221;, &#8220;Der Unfall&#8221;, &#8220;Tag [&hellip;]<\/p>\n","protected":false},"author":1,"featured_media":501,"comment_status":"closed","ping_status":"open","sticky":false,"template":"","format":"standard","meta":[],"categories":[5,6],"tags":[],"_links":{"self":[{"href":"http:\/\/www.sandraberiger.ch\/sandra-beriger\/wp-json\/wp\/v2\/posts\/49"}],"collection":[{"href":"http:\/\/www.sandraberiger.ch\/sandra-beriger\/wp-json\/wp\/v2\/posts"}],"about":[{"href":"http:\/\/www.sandraberiger.ch\/sandra-beriger\/wp-json\/wp\/v2\/types\/post"}],"author":[{"embeddable":true,"href":"http:\/\/www.sandraberiger.ch\/sandra-beriger\/wp-json\/wp\/v2\/users\/1"}],"replies":[{"embeddable":true,"href":"http:\/\/www.sandraberiger.ch\/sandra-beriger\/wp-json\/wp\/v2\/comments?post=49"}],"version-history":[{"count":12,"href":"http:\/\/www.sandraberiger.ch\/sandra-beriger\/wp-json\/wp\/v2\/posts\/49\/revisions"}],"predecessor-version":[{"id":503,"href":"http:\/\/www.sandraberiger.ch\/sandra-beriger\/wp-json\/wp\/v2\/posts\/49\/revisions\/503"}],"wp:featuredmedia":[{"embeddable":true,"href":"http:\/\/www.sandraberiger.ch\/sandra-beriger\/wp-json\/wp\/v2\/media\/501"}],"wp:attachment":[{"href":"http:\/\/www.sandraberiger.ch\/sandra-beriger\/wp-json\/wp\/v2\/media?parent=49"}],"wp:term":[{"taxonomy":"category","embeddable":true,"href":"http:\/\/www.sandraberiger.ch\/sandra-beriger\/wp-json\/wp\/v2\/categories?post=49"},{"taxonomy":"post_tag","embeddable":true,"href":"http:\/\/www.sandraberiger.ch\/sandra-beriger\/wp-json\/wp\/v2\/tags?post=49"}],"curies":[{"name":"wp","href":"https:\/\/api.w.org\/{rel}","templated":true}]}}